{"id":981,"date":"2012-07-25T23:20:56","date_gmt":"2012-07-25T22:20:56","guid":{"rendered":"https:\/\/bruxelles-pantheres.be\/?p=981"},"modified":"2013-11-11T23:23:20","modified_gmt":"2013-11-11T22:23:20","slug":"les-metallos-belges-ecoeures-des-jo","status":"publish","type":"post","link":"https:\/\/bruxelles-pantheres.be\/?p=981","title":{"rendered":"Les m\u00e9tallos belges \u00ab \u00e9c\u0153ur\u00e9s \u00bb des JO"},"content":{"rendered":"<header class=\"entry-header\"><\/header>\n<div class=\"entry-content\">\n<div style=\"text-align: justify;\">\n<p style=\"text-align: center;\"><a href=\"http:\/\/www.egalite.be\/wp-content\/uploads\/2012\/07\/444033_1342622341_page-jo-2-ok-livraison.jpg\"><img decoding=\"async\" class=\"aligncenter  wp-image-3408\" title=\"Page JO-2-OK livraison\" alt=\"\" src=\"http:\/\/www.egalite.be\/wp-content\/uploads\/2012\/07\/444033_1342622341_page-jo-2-ok-livraison.jpg\" width=\"624\" height=\"347\" \/><\/a><\/p>\n<p style=\"text-align: center;\"><strong>Les m\u00e9tallos belges \u00ab\u00a0\u00e9c\u0153ur\u00e9s\u00a0\u00bb <\/strong><\/p>\n<p style=\"text-align: center;\"><strong>que Lakshmi Mittal porte la flamme olympique \u00e0 Londres<\/strong><\/p>\n<p style=\"text-align: center;\"><a href=\"http:\/\/www.egalite.be\/wp-content\/uploads\/2012\/07\/382403_4396095222846_2001047041_n.jpg\"><img decoding=\"async\" class=\"size-full wp-image-3420 alignright\" title=\"382403_4396095222846_2001047041_n\" alt=\"\" src=\"http:\/\/www.egalite.be\/wp-content\/uploads\/2012\/07\/382403_4396095222846_2001047041_n.jpg\" width=\"850\" height=\"312\" \/><\/a><\/p>\n<p>&nbsp;<\/p>\n<p>&nbsp;<\/p>\n<p>&nbsp;<\/p>\n<p>&nbsp;<\/p>\n<p><!--more-->Belga \u2013 mercredi 25 juil. 2012<br \/>\nPlusieurs syndicats r\u00e9unis en front commun, ont fait part mardi, dans un courrier au pr\u00e9sident du Comit\u00e9 International Olympique (CIO), le Belge Jacques Rogge, de leur \u00ab\u00a0\u00e9coeurement\u00a0\u00bb quant au choix de l\u2019homme d\u2019affaires indien Lakhsmi Mittal, patron d\u2019ArcelorMittal, pour porter la flamme olympique jeudi \u00e0 Londres.<\/p>\n<\/div>\n<div style=\"text-align: justify;\">La FGTB-M\u00e9tal Li\u00e8ge-Luxembourg, le SETCa-Li\u00e8ge, la CSC Metal Li\u00e8ge et la CNE Li\u00e8ge estiment qu\u2019il \u00ab\u00a0s\u2019agit d\u2019une v\u00e9ritable insulte pour les travailleurs de la sid\u00e9rurgie li\u00e9geoise\u00a0\u00bb qu\u2019ils repr\u00e9sentent, alors que le groupe ArcelorMittal a d\u00e9cid\u00e9 la fermeture de ses hauts-fourneaux \u00e0 Li\u00e8ge\u00a0\u00bb. Le front commun syndical \u00e9voque le chiffre de 3.000 familles touch\u00e9es par cette d\u00e9cision, auxquelles il faut ajouter les entreprises travaillant en aval des hauts-fourneaux li\u00e9geois. \u00ab\u00a0Depuis que M. Mittal est devenu le num\u00e9ro un de l\u2019acier, il a cong\u00e9di\u00e9 directement pr\u00e8s de 70.000 travailleurs\u00a0\u00bb dans le monde, accusent les syndicats. Faisant r\u00e9f\u00e9rence aux notions de \u00ab\u00a0responsabilit\u00e9 sociale\u00a0\u00bb et de \u00ab\u00a0respect des principes \u00e9thiques fondamentaux universels\u00a0\u00bb inscrites dans la charte olympique, les syndicats \u00ab\u00a0n\u2019arrivent pas \u00e0 comprendre que l\u2019Olympisme puisse r\u00e9compenser ceux qui broient des vies\u00a0\u00bb. \u00ab\u00a0Croyez, M. le pr\u00e9sident, en notre plus profond \u00e9c\u0153urement\u00a0\u00bb, concluent-ils dans leur lettre \u00e0 M. Rogge. Selon le site officiel des JO-2012, M. Mittal et son fils Aditya, 36 ans, porteront la flamme jeudi dans les quartiers londoniens de Kensington et Chelsea. Lakshmi Mittal est \u00e9galement le sponsor d\u2019une tour en m\u00e9tal du Parc Olympique, baptis\u00e9e \u00ab\u00a0The Orbit\u00a0\u00bb. (JUG)<\/div>\n<div><img decoding=\"async\" class=\"aligncenter\" alt=\"http:\/\/infinit8monkeys.com\/wp-content\/uploads\/2012\/07\/Top-10-Sports-Moment-Black-Power-Salute.jpg\" src=\"http:\/\/infinit8monkeys.com\/wp-content\/uploads\/2012\/07\/Top-10-Sports-Moment-Black-Power-Salute.jpg\" \/><\/div>\n<\/div>\n","protected":false},"excerpt":{"rendered":"<p>Les m\u00e9tallos belges \u00ab\u00a0\u00e9c\u0153ur\u00e9s\u00a0\u00bb que Lakshmi Mittal porte la flamme olympique \u00e0 Londres &nbsp; &nbsp; &nbsp; &nbsp;<\/p>\n","protected":false},"author":1,"featured_media":982,"comment_status":"open","ping_status":"open","sticky":false,"template":"","format":"standard","meta":{"footnotes":""},"categories":[21,22,36],"tags":[],"class_list":["post-981","post","type-post","status-publish","format-standard","has-post-thumbnail","hentry","category-anti-imperialisme","category-emploi","category-europe"],"_links":{"self":[{"href":"https:\/\/bruxelles-pantheres.be\/index.php?rest_route=\/wp\/v2\/posts\/981","targetHints":{"allow":["GET"]}}],"collection":[{"href":"https:\/\/bruxelles-pantheres.be\/index.php?rest_route=\/wp\/v2\/posts"}],"about":[{"href":"https:\/\/bruxelles-pantheres.be\/index.php?rest_route=\/wp\/v2\/types\/post"}],"author":[{"embeddable":true,"href":"https:\/\/bruxelles-pantheres.be\/index.php?rest_route=\/wp\/v2\/users\/1"}],"replies":[{"embeddable":true,"href":"https:\/\/bruxelles-pantheres.be\/index.php?rest_route=%2Fwp%2Fv2%2Fcomments&post=981"}],"version-history":[{"count":1,"href":"https:\/\/bruxelles-pantheres.be\/index.php?rest_route=\/wp\/v2\/posts\/981\/revisions"}],"predecessor-version":[{"id":983,"href":"https:\/\/bruxelles-pantheres.be\/index.php?rest_route=\/wp\/v2\/posts\/981\/revisions\/983"}],"wp:featuredmedia":[{"embeddable":true,"href":"https:\/\/bruxelles-pantheres.be\/index.php?rest_route=\/wp\/v2\/media\/982"}],"wp:attachment":[{"href":"https:\/\/bruxelles-pantheres.be\/index.php?rest_route=%2Fwp%2Fv2%2Fmedia&parent=981"}],"wp:term":[{"taxonomy":"category","embeddable":true,"href":"https:\/\/bruxelles-pantheres.be\/index.php?rest_route=%2Fwp%2Fv2%2Fcategories&post=981"},{"taxonomy":"post_tag","embeddable":true,"href":"https:\/\/bruxelles-pantheres.be\/index.php?rest_route=%2Fwp%2Fv2%2Ftags&post=981"}],"curies":[{"name":"wp","href":"https:\/\/api.w.org\/{rel}","templated":true}]}}