{"id":984,"date":"2012-07-24T23:24:01","date_gmt":"2012-07-24T22:24:01","guid":{"rendered":"https:\/\/bruxelles-pantheres.be\/?p=984"},"modified":"2013-11-11T23:26:22","modified_gmt":"2013-11-11T22:26:22","slug":"le-ministre-reynders-rencontre-son-homologue-israelien-avigdor-lieberman","status":"publish","type":"post","link":"https:\/\/bruxelles-pantheres.be\/?p=984","title":{"rendered":"Le Ministre Reynders rencontre son homologue isra\u00e9lien Avigdor Lieberman"},"content":{"rendered":"<p>&nbsp;<\/p>\n<div class=\"entry-content\">\n<pre><a title=\"Rencontre avec mon homologue fasciste isra\u00e9lien, Avigdor Lieberman\" href=\"http:\/\/mcpalestine.canalblog.com\/archives\/2012\/07\/25\/24771696.html\" rel=\"bookmark\">Rencontre avec mon homologue fasciste isra\u00e9lien, Avigdor Lieberman<\/a><\/pre>\n<h2><a href=\"http:\/\/storage.canalblog.com\/25\/28\/217331\/77793795_o.jpg\" target=\"_blank\"><img decoding=\"async\" class=\"aligncenter\" alt=\"100___criminelle\" src=\"http:\/\/storage.canalblog.com\/25\/28\/217331\/77793795_p.jpg\" width=\"300\" height=\"184\" border=\"0\" \/><\/a><\/h2>\n<h3>Rencontre avec mon homologue isra\u00e9lien, Avigdor Lieberman<\/h3>\n<p>&nbsp;<\/p>\n<p><a href=\"http:\/\/www.didierreynders.be\/wp-content\/uploads\/2012\/07\/24072012_Avigdor_Lieberman_01.jpg\" rel=\"prettyPhoto[pp_gal]\"><img decoding=\"async\" title=\"24072012_Avigdor_Lieberman_01\" alt=\"\" src=\"http:\/\/www.didierreynders.be\/wp-content\/uploads\/2012\/07\/24072012_Avigdor_Lieberman_01.jpg\" width=\"600\" height=\"399\" \/><\/a><\/p>\n<p style=\"text-align: justify;\">Ce mardi 24 juillet, j\u2019ai rencontr\u00e9 mon homologue\u00a0isra\u00e9lien\u00a0Avigdor Lieberman. J\u2019ai tenu \u00e0 lui pr\u00e9senter mes condol\u00e9ances suite \u00e0 l\u2019attentat contre des touristes isra\u00e9liens \u00e0 l\u2019a\u00e9roport de Burgas\u00a0(Bulgarie)\u00a0le 18 juillet dernier.<!--more--><\/p>\n<p style=\"text-align: justify;\">Nous nous sommes f\u00e9licit\u00e9s du renforcement\u00a0de\u00a0nos\u00a0relations bilat\u00e9rales\u00a0et avons souhait\u00e9 encore\u00a0les consolider. J\u2019ai confirm\u00e9 que je me rendrais \u00e0 l\u2019automne\u00a0en Isra\u00ebl. Cette visite sera l\u2019occasion de\u00a0donner\u00a0encore\u00a0une impulsion suppl\u00e9mentaire \u00e0\u00a0ce\u00a0dialogue et \u00e0\u00a0ces\u00a0relations.<\/p>\n<p style=\"text-align: justify;\">Sur le plan international, nous avons parl\u00e9 du Processus de Paix isra\u00e9lo-palestinien. Dans ce cadre, j\u2019ai r\u00e9it\u00e9r\u00e9 mon attachement \u00e0 une solution\u00a0\u00e0\u00a0deux Etats\u00a0qui doit absolument \u00eatre pr\u00e9serv\u00e9e. Et rappel\u00e9 la position de la Belgique et de l\u2019UE en mati\u00e8re de colonies de peuplement. Nous \u00e9tions d\u2019accord sur le fait que le d\u00e9veloppement \u00e9conomique en faveur de la population palestinienne est crucial pour une paix durable.<\/p>\n<p style=\"text-align: justify;\">Durant cet entretien ouvert et franc, des \u00e9changes\u00a0de vues\u00a0ont \u00e9galement \u00e9t\u00e9 men\u00e9s\u00a0sur les \u00e9volutions li\u00e9es au printemps arabe,\u00a0particuli\u00e8rement en Syrie. Le dossier nucl\u00e9aire iranien\u00a0a \u00e9galement \u00e9t\u00e9 abord\u00e9.<\/p>\n<p style=\"text-align: justify;\"><em><a title=\"&gt;&gt;&gt; COMMUNIQUE DE PRESSE (F\/N) : Le Ministre Reynders rencontre son homologue isra\u00e9lien Avigdor Lieberman\" href=\"http:\/\/www.didierreynders.be\/wp-content\/uploads\/2012\/07\/Minsitre_israelien.pdf\" target=\"_blank\">&gt;&gt;&gt; COMMUNIQUE DE PRESSE (F\/N) : Le Ministre Reynders rencontre son homologue isra\u00e9lien Avigdor Lieberman<\/a><\/em><\/p>\n<p>Monsieur le Ministre Didier Reynders<\/p>\n<p>Vice-Premier Ministre et Ministre des Affaires \u00e9trang\u00e8res,<br \/>\ndu Commerce ext\u00e9rieur et des Affaires europ\u00e9ennes<br \/>\nRue des Petits Carmes, 15<br \/>\n1000 BRUXELLES<br \/>\nT\u00e9l. : +32 (0)2 501 85 91<br \/>\nFax. : +32 (0)2 513 25 97<br \/>\ne-mail : contact.reynders@diplobel.<wbr \/>fed.be<\/p>\n<p>&nbsp;<\/p>\n<p>Monsieur le Ministre,<\/p>\n<p>Alors que de nombreux Belges se sont vus refuser de quitter le territoire belge pour aller \u00e0 la rencontre de leurs amis palestiniens,\u00a0 vous venez de recevoir ce mardi 24 juillet votre homologue isra\u00e9lien, Avigdor Lieberman.<\/p>\n<p>Sachez que cette rencontre est faite en votre propre nom et pas au nom de nombreux Belges qui s\u2019opposent \u00e0 la politique criminelle de l\u2019\u00e9tat d\u2019Isra\u00ebl.<\/p>\n<p>Lieberman est au minimum un x\u00e9nophobe. Il pr\u00f4ne notamment le transfert \u00a0\u00bb chirurgical \u00a0\u00bb des Arabes d\u2019Isra\u00ebl \u00a0\u00bb (1) afin d\u2019avoir \u00a0\u00bb deux Etats ethniquement homog\u00e8nes, dit-il \u00a0\u00bb [2].<\/p>\n<p>Lui avez-vous annonc\u00e9 avec fiert\u00e9 que les autorit\u00e9s belges ont arr\u00eat\u00e9, brutalis\u00e9, humili\u00e9 ses propres citoyens pour r\u00e9pondre aux ordres de ce m\u00eame ignoble personnage ?<\/p>\n<p>Selon les termes de Ze\u2019ev Sternhell, professeur \u00e0 l\u2019universit\u00e9 h\u00e9bra\u00efque de J\u00e9rusalem, Liebermann serait \u00a0\u00bb l\u2019homme politique le plus dangereux dans l\u2019histoire de l\u2019Etat d\u2019Isra\u00ebl \u00ab\u00a0.<\/p>\n<p>Avigdor Lieberman est connu pour ses positions ultranationalistes et racistes \u00e0 l\u2019encontre des Palestiniens. Il appartient \u00e0 un gouvernement qui refuse le principe d\u2019un Etat palestinien, qui ne respecte pas le droit international, qui continue l\u2019occupation et le d\u00e9veloppement de la colonisation, la construction du mur de la honte, la destruction de quartiers palestiniens et maintient le si\u00e8ge de la bande de Gaza.<\/p>\n<p>Recevoir Avigdor Lieberman revient \u00e0 encourager le gouvernement isra\u00e9lien dans sa politique du pire.<\/p>\n<p>Il est pr\u00eat \u00e0 expulser les Arabes isra\u00e9liens qui ne pr\u00eateraient pas all\u00e9geance \u00e0 l\u2019Etat h\u00e9breu.<\/p>\n<p>-Une de ses id\u00e9es phares est un \u00e9change de territoires peupl\u00e9s d\u2019Arabes isra\u00e9liens contre des parties de Cisjordanie.<br \/>\n(Ce qui fait de lui l\u2019opposant des colons militants, adeptes du \u00abGrand Isra\u00ebl\u00bb)<\/p>\n<p>-Adepte d\u2019un \u00ab transfert \u00bb \u2013 ou \u00ab transf\u00e8rement \u00bb des populations, il y a 64 ans, on appelait cela, en Europe, la d\u00e9portation.<\/p>\n<p>-Il a annonc\u00e9 lors du d\u00e9marrage de la construction du mur de \u201cSharon \u201cque ce mur \u00e9tait un obstacle dommageable \u00e0 l\u2019extension des colonies juives dans les terres palestiniennes.<\/p>\n<p>&#8211; \u00abJe suis en faveur de la d\u00e9mocratie, mais quand il y a une contradiction entre la d\u00e9mocratie et les valeurs juives, les valeurs juives et sionistes sont plus importantes.\u00bb<\/p>\n<p>&#8211; En 2003, il avait sugg\u00e9r\u00e9 que des prisonniers palestiniens remis en libert\u00e9 soient \u00abtransport\u00e9s en autocar vers la mer Morte, pour y \u00eatre noy\u00e9s\u00bb.<\/p>\n<p>-R\u00e9cemment encore, le 13 janvier 2009, \u00e0 l\u2019Universit\u00e9 de Tel Aviv, il a conseill\u00e9 de \u00abcombattre le Hamas comme les \u00c9tats-Unis ont combattu les Japonais. Les Am\u00e9ricains ont vaincu le Japon sans invasion terrestre, rendant une occupation superflue\u00bb.<\/p>\n<p>-Sur le droit de retour des r\u00e9fugi\u00e9s palestiniens\u00a0: \u00ab\u00a0C\u2019est inacceptable. Cela ne peut \u00eatre sur la table. Je ne suis m\u00eame pas pr\u00eat \u00e0 discuter du \u00ab\u00a0droit de retour de ne serait -ce qu\u2019un r\u00e9fugi\u00e9. Il ne peut y avoir en m\u00eame temps un pays juif et un droit de retour\u2026.\u00a0\u00bb J\u00e9rusalem Post le 28\/04\/09<\/p>\n<p>Monsieur le Ministre, par cette rencontre, vous faites honte \u00e0 votre fonction.<\/p>\n<p><br clear=\"all\" \/> (1) Le Soir du 06 novembre2006<br \/>\n[2] Le Soir des 28 et 29 octobre 2006<\/p>\n<p>\u2013<br \/>\nNordine Sa\u00efdi<br \/>\nMouvement Citoyen Palestine<\/p>\n<p>http:\/\/mcpalestine.canalblog.com<\/p>\n<p>Lire aussi :<\/p>\n<h3 style=\"text-align: center;\"><a title=\"Un \u00abterroriste \u00bb dans la ville\" href=\"http:\/\/mcpalestine.canalblog.com\/archives\/2010\/02\/23\/17014996.html\" rel=\"bookmark\">Un \u00abterroriste \u00bb dans la ville<\/a><\/h3>\n<p><img decoding=\"async\" class=\"aligncenter\" alt=\"\" src=\"http:\/\/ce399.typepad.com\/.a\/6a00d8345257f969e2011168546f48970c-320wi\" \/><\/p>\n<address>Vous pouvez me contacter :<\/address>\n<address>Adresse professionnelle<\/address>\n<address><strong>Monsieur le Ministre Didier Reynders<\/strong><\/address>\n<p>Vice-Premier Ministre et Ministre des Affaires \u00e9trang\u00e8res,<br \/>\ndu Commerce ext\u00e9rieur et des Affaires europ\u00e9ennes<br \/>\nRue des Petits Carmes, 15<br \/>\n1000 BRUXELLES<br \/>\nT\u00e9l. : +32 (0)2 501 85 91<br \/>\nFax. : +32 (0)2 513 25 97<br \/>\ne-mail : <a href=\"mailto:contact.reynders@diplobel.fed.be\">contact.reynders@diplobel.fed.be<\/a><\/p>\n<\/div>\n","protected":false},"excerpt":{"rendered":"<p>&nbsp; Rencontre avec mon homologue fasciste isra\u00e9lien, Avigdor Lieberman Rencontre avec mon homologue isra\u00e9lien, Avigdor Lieberman &nbsp; Ce mardi 24 juillet, j\u2019ai rencontr\u00e9 mon homologue\u00a0isra\u00e9lien\u00a0Avigdor Lieberman. J\u2019ai tenu \u00e0 lui pr\u00e9senter mes condol\u00e9ances suite \u00e0 l\u2019attentat contre des touristes isra\u00e9liens \u00e0 l\u2019a\u00e9roport de Burgas\u00a0(Bulgarie)\u00a0le 18 juillet dernier.<\/p>\n","protected":false},"author":1,"featured_media":985,"comment_status":"open","ping_status":"open","sticky":false,"template":"","format":"standard","meta":{"footnotes":""},"categories":[21,4,6,18,28],"tags":[14,13],"class_list":["post-984","post","type-post","status-publish","format-standard","has-post-thumbnail","hentry","category-anti-imperialisme","category-islamophobie","category-palestine-moyen-orient","category-resistance-bruxelles","category-racismes","tag-bruxelles","tag-nordine-saidi"],"_links":{"self":[{"href":"https:\/\/bruxelles-pantheres.be\/index.php?rest_route=\/wp\/v2\/posts\/984","targetHints":{"allow":["GET"]}}],"collection":[{"href":"https:\/\/bruxelles-pantheres.be\/index.php?rest_route=\/wp\/v2\/posts"}],"about":[{"href":"https:\/\/bruxelles-pantheres.be\/index.php?rest_route=\/wp\/v2\/types\/post"}],"author":[{"embeddable":true,"href":"https:\/\/bruxelles-pantheres.be\/index.php?rest_route=\/wp\/v2\/users\/1"}],"replies":[{"embeddable":true,"href":"https:\/\/bruxelles-pantheres.be\/index.php?rest_route=%2Fwp%2Fv2%2Fcomments&post=984"}],"version-history":[{"count":2,"href":"https:\/\/bruxelles-pantheres.be\/index.php?rest_route=\/wp\/v2\/posts\/984\/revisions"}],"predecessor-version":[{"id":987,"href":"https:\/\/bruxelles-pantheres.be\/index.php?rest_route=\/wp\/v2\/posts\/984\/revisions\/987"}],"wp:featuredmedia":[{"embeddable":true,"href":"https:\/\/bruxelles-pantheres.be\/index.php?rest_route=\/wp\/v2\/media\/985"}],"wp:attachment":[{"href":"https:\/\/bruxelles-pantheres.be\/index.php?rest_route=%2Fwp%2Fv2%2Fmedia&parent=984"}],"wp:term":[{"taxonomy":"category","embeddable":true,"href":"https:\/\/bruxelles-pantheres.be\/index.php?rest_route=%2Fwp%2Fv2%2Fcategories&post=984"},{"taxonomy":"post_tag","embeddable":true,"href":"https:\/\/bruxelles-pantheres.be\/index.php?rest_route=%2Fwp%2Fv2%2Ftags&post=984"}],"curies":[{"name":"wp","href":"https:\/\/api.w.org\/{rel}","templated":true}]}}